{"id":341,"date":"2021-08-16T05:29:32","date_gmt":"2021-08-16T05:29:32","guid":{"rendered":"https:\/\/spaciograficohn.com\/sitio2021\/?p=341"},"modified":"2021-08-16T05:29:34","modified_gmt":"2021-08-16T05:29:34","slug":"tecnologias-de-informacion-y-comunicacion-tic-una-necesidad-en-las-aulas","status":"publish","type":"post","link":"https:\/\/spaciograficohn.com\/sitio2021\/2021\/08\/16\/tecnologias-de-informacion-y-comunicacion-tic-una-necesidad-en-las-aulas\/","title":{"rendered":"Tecnolog\u00edas de Informaci\u00f3n y Comunicaci\u00f3n (TIC), una necesidad en las aulas"},"content":{"rendered":"\n<p>Vivimos en una \u00e9poca donde los aprendizajes que se generan en las aulas, se complementan con el uso de las TIC como parte de un nuevo modelo de ense\u00f1anza y derecho fundamental de la persona. <\/p>\n\n\n\n<p>Esta nueva realidad, donde los estudiantes son considerados nativos digitales, exige un cambio de paradigma. En estos tiempos es importante que el docente se reconstruya y se apropie de las nuevas formas de ense\u00f1ar, donde la tecnolog\u00eda tome un rol preponderante, adem\u00e1s, de reafirmar el gran cambio que hemos tenido en los \u00faltimos tiempos en donde el docente pas\u00f3 a ser un facilitador y los estudiantes el centro de los aprendizajes.<\/p>\n\n\n\n<p>A menudo creemos que el uso de la tecnolog\u00eda es algo novedoso, pero no podemos perder de vista que ya se hac\u00eda uso de diversos elementos y recursos, como son las calculadoras, las impresoras e inclusive las computadoras (<em>hardware,\u00a0<\/em>b\u00e1sicamente), sin embargo, es cierto que los avances tecnol\u00f3gicos y la internet han agudizado las brechas y acelerado las necesidades en los maestros, de desarrollar competencias y capacidades que en los estudiantes de hoy son incorporadas, muchas veces, de manera casi imperceptible.<\/p>\n\n\n\n<p>Es importante\u00a0visibilizar el uso de las TIC desde las Instituciones Educativas, en el trabajo pedag\u00f3gico y en la mejora de la calidad de la educaci\u00f3n, teniendo en cuenta que somos un pa\u00eds de contrastes. Tambi\u00e9n somos un pa\u00eds donde muchos docentes y alumnos no tienen acceso a Internet ni al uso de las TIC.<\/p>\n\n\n\n<p>La Tarea es Ardua, el camino debe avanzarse de manera constante, considerando que la tecnolog\u00eda no es est\u00e1tica, sino que din\u00e1mica. <\/p>\n","protected":false},"excerpt":{"rendered":"<p>Vivimos en una \u00e9poca donde los aprendizajes que se generan en las aulas, se complementan con el uso de las TIC como parte de un nuevo modelo de ense\u00f1anza y derecho fundamental de la persona. Esta nueva realidad, donde los estudiantes son considerados nativos digitales, exige un cambio de paradigma. En estos tiempos es importante&hellip;&nbsp;<a href=\"https:\/\/spaciograficohn.com\/sitio2021\/2021\/08\/16\/tecnologias-de-informacion-y-comunicacion-tic-una-necesidad-en-las-aulas\/\" class=\"\" rel=\"bookmark\">Leer m\u00e1s &raquo;<span class=\"screen-reader-text\">Tecnolog\u00edas de Informaci\u00f3n y Comunicaci\u00f3n (TIC), una necesidad en las aulas<\/span><\/a><\/p>\n","protected":false},"author":2,"featured_media":342,"comment_status":"closed","ping_status":"closed","sticky":false,"template":"","format":"standard","meta":{"neve_meta_sidebar":"","neve_meta_container":"","neve_meta_enable_content_width":"off","neve_meta_content_width":0,"neve_meta_title_alignment":"","neve_meta_author_avatar":"","neve_post_elements_order":"","neve_meta_disable_header":"","neve_meta_disable_footer":"","neve_meta_disable_title":"","_themeisle_gutenberg_block_has_review":false,"footnotes":""},"categories":[5],"tags":[],"class_list":["post-341","post","type-post","status-publish","format-standard","has-post-thumbnail","hentry","category-recursos-docentes"],"post_mailing_queue_ids":[],"_links":{"self":[{"href":"https:\/\/spaciograficohn.com\/sitio2021\/wp-json\/wp\/v2\/posts\/341","targetHints":{"allow":["GET"]}}],"collection":[{"href":"https:\/\/spaciograficohn.com\/sitio2021\/wp-json\/wp\/v2\/posts"}],"about":[{"href":"https:\/\/spaciograficohn.com\/sitio2021\/wp-json\/wp\/v2\/types\/post"}],"author":[{"embeddable":true,"href":"https:\/\/spaciograficohn.com\/sitio2021\/wp-json\/wp\/v2\/users\/2"}],"replies":[{"embeddable":true,"href":"https:\/\/spaciograficohn.com\/sitio2021\/wp-json\/wp\/v2\/comments?post=341"}],"version-history":[{"count":1,"href":"https:\/\/spaciograficohn.com\/sitio2021\/wp-json\/wp\/v2\/posts\/341\/revisions"}],"predecessor-version":[{"id":343,"href":"https:\/\/spaciograficohn.com\/sitio2021\/wp-json\/wp\/v2\/posts\/341\/revisions\/343"}],"wp:featuredmedia":[{"embeddable":true,"href":"https:\/\/spaciograficohn.com\/sitio2021\/wp-json\/wp\/v2\/media\/342"}],"wp:attachment":[{"href":"https:\/\/spaciograficohn.com\/sitio2021\/wp-json\/wp\/v2\/media?parent=341"}],"wp:term":[{"taxonomy":"category","embeddable":true,"href":"https:\/\/spaciograficohn.com\/sitio2021\/wp-json\/wp\/v2\/categories?post=341"},{"taxonomy":"post_tag","embeddable":true,"href":"https:\/\/spaciograficohn.com\/sitio2021\/wp-json\/wp\/v2\/tags?post=341"}],"curies":[{"name":"wp","href":"https:\/\/api.w.org\/{rel}","templated":true}]}}