{"id":344,"date":"2021-08-16T05:44:01","date_gmt":"2021-08-16T05:44:01","guid":{"rendered":"https:\/\/spaciograficohn.com\/sitio2021\/?p=344"},"modified":"2021-08-16T05:48:48","modified_gmt":"2021-08-16T05:48:48","slug":"editorial-spacio-grafico-de-aniversario","status":"publish","type":"post","link":"https:\/\/spaciograficohn.com\/sitio2021\/2021\/08\/16\/editorial-spacio-grafico-de-aniversario\/","title":{"rendered":"Editorial Spacio Gr\u00e1fico de Aniversario"},"content":{"rendered":"\n<p>Este pr\u00f3ximo viernes 20 de agosto, nuestra empresa, Ediciones e Impresiones Spacio Gr\u00e1fico cumple 20 a\u00f1os de estar presente en Honduras .<\/p>\n\n\n\n<p>Los or\u00edgenes de nuestra editorial, se remontan a los procesos de una imprenta que nace en el coraz\u00f3n de la capital del pa\u00eds, y que inicia su apoyo a la educaci\u00f3n hondure\u00f1a en el a\u00f1o de 2013 con el lanzamiento de sus primeros libros de texto.<\/p>\n\n\n\n<p>Es para la Gerencia y todo el personal que labora en Ediciones e Impresiones Spacio Gr\u00e1fico, un gran orgullo llegar a estos 20 a\u00f1os, ya que a pesar de todas las adversidades que se han presentado en su trayectoria ha logrado surcarlas y reinventarse en el paso del tiempo.<\/p>\n\n\n\n<p>Este 20 de Agosto se iniciar\u00e1 el a\u00f1o de celebraci\u00f3n de la editorial, coincidiendo de igual manera con el cierre del proyecto editorial \u00abRumbo al Bicentenario\u00bb que arranc\u00f3 desde el a\u00f1o 2013, y en donde celebramos los 200 a\u00f1os de Independencia de nuestro pa\u00eds.<\/p>\n","protected":false},"excerpt":{"rendered":"<p>Este pr\u00f3ximo viernes 20 de agosto, nuestra empresa, Ediciones e Impresiones Spacio Gr\u00e1fico cumple 20 a\u00f1os de estar presente en Honduras . Los or\u00edgenes de nuestra editorial, se remontan a los procesos de una imprenta que nace en el coraz\u00f3n de la capital del pa\u00eds, y que inicia su apoyo a la educaci\u00f3n hondure\u00f1a en&hellip;&nbsp;<a href=\"https:\/\/spaciograficohn.com\/sitio2021\/2021\/08\/16\/editorial-spacio-grafico-de-aniversario\/\" class=\"\" rel=\"bookmark\">Leer m\u00e1s &raquo;<span class=\"screen-reader-text\">Editorial Spacio Gr\u00e1fico de Aniversario<\/span><\/a><\/p>\n","protected":false},"author":2,"featured_media":345,"comment_status":"closed","ping_status":"closed","sticky":false,"template":"","format":"standard","meta":{"neve_meta_sidebar":"","neve_meta_container":"","neve_meta_enable_content_width":"off","neve_meta_content_width":0,"neve_meta_title_alignment":"","neve_meta_author_avatar":"","neve_post_elements_order":"","neve_meta_disable_header":"","neve_meta_disable_footer":"","neve_meta_disable_title":"","_themeisle_gutenberg_block_has_review":false,"footnotes":""},"categories":[3],"tags":[],"class_list":["post-344","post","type-post","status-publish","format-standard","has-post-thumbnail","hentry","category-noticias"],"post_mailing_queue_ids":[],"_links":{"self":[{"href":"https:\/\/spaciograficohn.com\/sitio2021\/wp-json\/wp\/v2\/posts\/344","targetHints":{"allow":["GET"]}}],"collection":[{"href":"https:\/\/spaciograficohn.com\/sitio2021\/wp-json\/wp\/v2\/posts"}],"about":[{"href":"https:\/\/spaciograficohn.com\/sitio2021\/wp-json\/wp\/v2\/types\/post"}],"author":[{"embeddable":true,"href":"https:\/\/spaciograficohn.com\/sitio2021\/wp-json\/wp\/v2\/users\/2"}],"replies":[{"embeddable":true,"href":"https:\/\/spaciograficohn.com\/sitio2021\/wp-json\/wp\/v2\/comments?post=344"}],"version-history":[{"count":1,"href":"https:\/\/spaciograficohn.com\/sitio2021\/wp-json\/wp\/v2\/posts\/344\/revisions"}],"predecessor-version":[{"id":346,"href":"https:\/\/spaciograficohn.com\/sitio2021\/wp-json\/wp\/v2\/posts\/344\/revisions\/346"}],"wp:featuredmedia":[{"embeddable":true,"href":"https:\/\/spaciograficohn.com\/sitio2021\/wp-json\/wp\/v2\/media\/345"}],"wp:attachment":[{"href":"https:\/\/spaciograficohn.com\/sitio2021\/wp-json\/wp\/v2\/media?parent=344"}],"wp:term":[{"taxonomy":"category","embeddable":true,"href":"https:\/\/spaciograficohn.com\/sitio2021\/wp-json\/wp\/v2\/categories?post=344"},{"taxonomy":"post_tag","embeddable":true,"href":"https:\/\/spaciograficohn.com\/sitio2021\/wp-json\/wp\/v2\/tags?post=344"}],"curies":[{"name":"wp","href":"https:\/\/api.w.org\/{rel}","templated":true}]}}