{"id":491,"date":"2021-09-01T05:41:00","date_gmt":"2021-09-01T05:41:00","guid":{"rendered":"https:\/\/spaciograficohn.com\/sitio2021\/?p=491"},"modified":"2021-09-01T04:06:34","modified_gmt":"2021-09-01T04:06:34","slug":"feliz-dia-de-la-bandera","status":"publish","type":"post","link":"https:\/\/spaciograficohn.com\/sitio2021\/2021\/09\/01\/feliz-dia-de-la-bandera\/","title":{"rendered":"Datos de Nuestra Bandera"},"content":{"rendered":"\n<p>La Bandera Nacional tuvo su origen en la Administraci\u00f3n del presidente don Jos\u00e9 Mar\u00eda Medina, el 16 de febrero de 1866, mediante el Decreto Legislativo N\u00b0 7 del Congreso Nacional.<\/p>\n\n\n\n<p>Posteriormente, el 18 de enero de 1949, el Congreso Nacional decret\u00f3 reformar el Decreto Legislativo N\u00b0 7, dejando el texto como se lee:<\/p>\n\n\n\n<p>\u00abLa Bandera Nacional de Honduras constar\u00e1 de tres franjas iguales y horizontales, la superior y la inferior de color azul turquesa, la del centro blanca y llevar\u00e1 en medio cinco estrellas de cinco \u00e1ngulos salientes del mismo color azul, formando con cuatro de ellas un cuadrilongo paralelo a las franjas, siendo colocada la restante al centro del mismo cuadril\u00e1tero. El ancho del conjunto de las tres franjas deber\u00e1 ser contenido dos veces en la longitud\u00bb.<\/p>\n\n\n\n<h3 class=\"wp-block-heading\">D\u00eda de la Bandera<\/h3>\n\n\n\n<p>El 23 de mayo de 1995, siendo presidente de la Rep\u00fablica Carlos Roberto Reina, mediante Decreto Legislativo N\u00famero 84-95 el Congreso Nacional<br>declar\u00f3 el 1 de septiembre de cada a\u00f1o como D\u00eda de la Bandera Nacional.<\/p>\n\n\n\n<p>A partir de ese a\u00f1o, en esa fecha todas las instituciones del Estado, civiles y militares, lo mismo que la ciudadan\u00eda en general, deben rendir tributo de<br>veneraci\u00f3n y respeto a la Bandera de la Patria.<\/p>\n\n\n\n<p>Anteriormente, desde el 7 de junio de 1943, el D\u00eda de la Bandera se celebraba el 14 de junio.<\/p>\n\n\n\n<h3 class=\"wp-block-heading\">Juramento a la Bandera<\/h3>\n\n\n\n<p>Juro fidelidad a la Bandera Nacional<\/p>\n\n\n\n<p>s\u00edmbolo de unidad, justicia, libertad y paz<\/p>\n\n\n\n<p>invocando la presencia de Dios y el ejemplo de nuestros pr\u00f3ceres<\/p>\n\n\n\n<p>prometo honrar a la patria<\/p>\n\n\n\n<p>servirla y defenderla bajo un solo prop\u00f3sito,<\/p>\n\n\n\n<p>para beneficio de todos.<\/p>\n","protected":false},"excerpt":{"rendered":"<p>La Bandera Nacional tuvo su origen en la Administraci\u00f3n del presidente don Jos\u00e9 Mar\u00eda Medina, el 16 de febrero de 1866, mediante el Decreto Legislativo N\u00b0 7 del Congreso Nacional. Posteriormente, el 18 de enero de 1949, el Congreso Nacional decret\u00f3 reformar el Decreto Legislativo N\u00b0 7, dejando el texto como se lee: \u00abLa Bandera&hellip;&nbsp;<a href=\"https:\/\/spaciograficohn.com\/sitio2021\/2021\/09\/01\/feliz-dia-de-la-bandera\/\" class=\"\" rel=\"bookmark\">Leer m\u00e1s &raquo;<span class=\"screen-reader-text\">Datos de Nuestra Bandera<\/span><\/a><\/p>\n","protected":false},"author":1,"featured_media":500,"comment_status":"closed","ping_status":"closed","sticky":false,"template":"","format":"standard","meta":{"neve_meta_sidebar":"","neve_meta_container":"","neve_meta_enable_content_width":"off","neve_meta_content_width":0,"neve_meta_title_alignment":"","neve_meta_author_avatar":"","neve_post_elements_order":"","neve_meta_disable_header":"","neve_meta_disable_footer":"","neve_meta_disable_title":"","_themeisle_gutenberg_block_has_review":false,"footnotes":""},"categories":[5],"tags":[],"class_list":["post-491","post","type-post","status-publish","format-standard","has-post-thumbnail","hentry","category-recursos-docentes"],"post_mailing_queue_ids":[],"_links":{"self":[{"href":"https:\/\/spaciograficohn.com\/sitio2021\/wp-json\/wp\/v2\/posts\/491","targetHints":{"allow":["GET"]}}],"collection":[{"href":"https:\/\/spaciograficohn.com\/sitio2021\/wp-json\/wp\/v2\/posts"}],"about":[{"href":"https:\/\/spaciograficohn.com\/sitio2021\/wp-json\/wp\/v2\/types\/post"}],"author":[{"embeddable":true,"href":"https:\/\/spaciograficohn.com\/sitio2021\/wp-json\/wp\/v2\/users\/1"}],"replies":[{"embeddable":true,"href":"https:\/\/spaciograficohn.com\/sitio2021\/wp-json\/wp\/v2\/comments?post=491"}],"version-history":[{"count":2,"href":"https:\/\/spaciograficohn.com\/sitio2021\/wp-json\/wp\/v2\/posts\/491\/revisions"}],"predecessor-version":[{"id":501,"href":"https:\/\/spaciograficohn.com\/sitio2021\/wp-json\/wp\/v2\/posts\/491\/revisions\/501"}],"wp:featuredmedia":[{"embeddable":true,"href":"https:\/\/spaciograficohn.com\/sitio2021\/wp-json\/wp\/v2\/media\/500"}],"wp:attachment":[{"href":"https:\/\/spaciograficohn.com\/sitio2021\/wp-json\/wp\/v2\/media?parent=491"}],"wp:term":[{"taxonomy":"category","embeddable":true,"href":"https:\/\/spaciograficohn.com\/sitio2021\/wp-json\/wp\/v2\/categories?post=491"},{"taxonomy":"post_tag","embeddable":true,"href":"https:\/\/spaciograficohn.com\/sitio2021\/wp-json\/wp\/v2\/tags?post=491"}],"curies":[{"name":"wp","href":"https:\/\/api.w.org\/{rel}","templated":true}]}}