{"id":498,"date":"2021-09-01T05:53:00","date_gmt":"2021-09-01T05:53:00","guid":{"rendered":"https:\/\/spaciograficohn.com\/sitio2021\/?p=498"},"modified":"2021-09-01T04:08:36","modified_gmt":"2021-09-01T04:08:36","slug":"feliz-dia-de-la-bandera-2","status":"publish","type":"post","link":"https:\/\/spaciograficohn.com\/sitio2021\/2021\/09\/01\/feliz-dia-de-la-bandera-2\/","title":{"rendered":"Feliz D\u00eda de la Bandera"},"content":{"rendered":"\n<p>Este 1 de Septiembre, se celebra a lo largo y ancho del territorio Nacional, el d\u00eda de la Bandera.<\/p>\n\n\n\n<p>Nuestro s\u00edmbolo, no solo nos identifica, sino que nos permite tener identidad de naci\u00f3n.<\/p>\n\n\n\n<p>En nuestra Editorial iniciamos este nuevo mes patrio, que en este a\u00f1o no solo ser\u00e1 una celebraci\u00f3n cualquier, sino es el Bicentenario de aquella acci\u00f3n que dio origen a nuestra Naci\u00f3n.<\/p>\n\n\n\n<p>Feliz d\u00eda de Bandera, hermanos hondure\u00f1os!!<\/p>\n","protected":false},"excerpt":{"rendered":"<p>Este 1 de Septiembre, se celebra a lo largo y ancho del territorio Nacional, el d\u00eda de la Bandera. Nuestro s\u00edmbolo, no solo nos identifica, sino que nos permite tener identidad de naci\u00f3n. En nuestra Editorial iniciamos este nuevo mes patrio, que en este a\u00f1o no solo ser\u00e1 una celebraci\u00f3n cualquier, sino es el Bicentenario&hellip;&nbsp;<a href=\"https:\/\/spaciograficohn.com\/sitio2021\/2021\/09\/01\/feliz-dia-de-la-bandera-2\/\" class=\"\" rel=\"bookmark\">Leer m\u00e1s &raquo;<span class=\"screen-reader-text\">Feliz D\u00eda de la Bandera<\/span><\/a><\/p>\n","protected":false},"author":1,"featured_media":496,"comment_status":"closed","ping_status":"closed","sticky":false,"template":"","format":"standard","meta":{"neve_meta_sidebar":"","neve_meta_container":"","neve_meta_enable_content_width":"off","neve_meta_content_width":0,"neve_meta_title_alignment":"","neve_meta_author_avatar":"","neve_post_elements_order":"","neve_meta_disable_header":"","neve_meta_disable_footer":"","neve_meta_disable_title":"","_themeisle_gutenberg_block_has_review":false,"footnotes":""},"categories":[3],"tags":[],"class_list":["post-498","post","type-post","status-publish","format-standard","has-post-thumbnail","hentry","category-noticias"],"post_mailing_queue_ids":[],"_links":{"self":[{"href":"https:\/\/spaciograficohn.com\/sitio2021\/wp-json\/wp\/v2\/posts\/498","targetHints":{"allow":["GET"]}}],"collection":[{"href":"https:\/\/spaciograficohn.com\/sitio2021\/wp-json\/wp\/v2\/posts"}],"about":[{"href":"https:\/\/spaciograficohn.com\/sitio2021\/wp-json\/wp\/v2\/types\/post"}],"author":[{"embeddable":true,"href":"https:\/\/spaciograficohn.com\/sitio2021\/wp-json\/wp\/v2\/users\/1"}],"replies":[{"embeddable":true,"href":"https:\/\/spaciograficohn.com\/sitio2021\/wp-json\/wp\/v2\/comments?post=498"}],"version-history":[{"count":1,"href":"https:\/\/spaciograficohn.com\/sitio2021\/wp-json\/wp\/v2\/posts\/498\/revisions"}],"predecessor-version":[{"id":502,"href":"https:\/\/spaciograficohn.com\/sitio2021\/wp-json\/wp\/v2\/posts\/498\/revisions\/502"}],"wp:featuredmedia":[{"embeddable":true,"href":"https:\/\/spaciograficohn.com\/sitio2021\/wp-json\/wp\/v2\/media\/496"}],"wp:attachment":[{"href":"https:\/\/spaciograficohn.com\/sitio2021\/wp-json\/wp\/v2\/media?parent=498"}],"wp:term":[{"taxonomy":"category","embeddable":true,"href":"https:\/\/spaciograficohn.com\/sitio2021\/wp-json\/wp\/v2\/categories?post=498"},{"taxonomy":"post_tag","embeddable":true,"href":"https:\/\/spaciograficohn.com\/sitio2021\/wp-json\/wp\/v2\/tags?post=498"}],"curies":[{"name":"wp","href":"https:\/\/api.w.org\/{rel}","templated":true}]}}