{"id":503,"date":"2021-09-02T15:53:09","date_gmt":"2021-09-02T15:53:09","guid":{"rendered":"https:\/\/spaciograficohn.com\/sitio2021\/?p=503"},"modified":"2021-09-02T15:58:18","modified_gmt":"2021-09-02T15:58:18","slug":"capacitacion-garden-bilingual-school","status":"publish","type":"post","link":"https:\/\/spaciograficohn.com\/sitio2021\/2021\/09\/02\/capacitacion-garden-bilingual-school\/","title":{"rendered":"Capacitaci\u00f3n Garden Bilingual School"},"content":{"rendered":"\n<p>El pasado 1 de septiembre en la populosa comunidad de Chamelec\u00f3n de la ciudad Industrial de San Pedro Sula, el personal docente del Centro Educativo Garden Bilingual School fue capacitado por el equipo de la Editorial Spacio Gr\u00e1fico en la usabilidad de la Plataforma de Acompa\u00f1amiento Educativo. <\/p>\n\n\n\n<p>Los docentes, recibieron con amplia satisfacci\u00f3n las diferentes t\u00e9cnicas para utilizar la plataforma de la Editorial y su aplicabilidad en su jornada acad\u00e9mica.<\/p>\n\n\n\n<p>La licenciada Zulema Escalante, propietaria del centro educativo, agradeci\u00f3 la capacitaci\u00f3n y coment\u00f3 que durante los a\u00f1os que ha trabajo con los libros de la Editorial no ha tenido que buscar otras fuentes bibliogr\u00e1ficas, que los libros de texto se alinean pedag\u00f3gicamente con el DCNB y exaltan la identidad patria en sus contenidos.<\/p>\n\n\n\n<p>Desde la Editorial, como acompa\u00f1ante del proceso educativo, les deseamos siempre \u00e9xitos al centro educativo Garden Bilingual School.<\/p>\n","protected":false},"excerpt":{"rendered":"<p>El pasado 1 de septiembre en la populosa comunidad de Chamelec\u00f3n de la ciudad Industrial de San Pedro Sula, el personal docente del Centro Educativo Garden Bilingual School fue capacitado por el equipo de la Editorial Spacio Gr\u00e1fico en la usabilidad de la Plataforma de Acompa\u00f1amiento Educativo. Los docentes, recibieron con amplia satisfacci\u00f3n las diferentes&hellip;&nbsp;<a href=\"https:\/\/spaciograficohn.com\/sitio2021\/2021\/09\/02\/capacitacion-garden-bilingual-school\/\" class=\"\" rel=\"bookmark\">Leer m\u00e1s &raquo;<span class=\"screen-reader-text\">Capacitaci\u00f3n Garden Bilingual School<\/span><\/a><\/p>\n","protected":false},"author":1,"featured_media":504,"comment_status":"closed","ping_status":"closed","sticky":false,"template":"","format":"standard","meta":{"neve_meta_sidebar":"","neve_meta_container":"","neve_meta_enable_content_width":"off","neve_meta_content_width":0,"neve_meta_title_alignment":"","neve_meta_author_avatar":"","neve_post_elements_order":"","neve_meta_disable_header":"","neve_meta_disable_footer":"","neve_meta_disable_title":"","_themeisle_gutenberg_block_has_review":false,"footnotes":""},"categories":[3],"tags":[],"class_list":["post-503","post","type-post","status-publish","format-standard","has-post-thumbnail","hentry","category-noticias"],"post_mailing_queue_ids":[],"_links":{"self":[{"href":"https:\/\/spaciograficohn.com\/sitio2021\/wp-json\/wp\/v2\/posts\/503","targetHints":{"allow":["GET"]}}],"collection":[{"href":"https:\/\/spaciograficohn.com\/sitio2021\/wp-json\/wp\/v2\/posts"}],"about":[{"href":"https:\/\/spaciograficohn.com\/sitio2021\/wp-json\/wp\/v2\/types\/post"}],"author":[{"embeddable":true,"href":"https:\/\/spaciograficohn.com\/sitio2021\/wp-json\/wp\/v2\/users\/1"}],"replies":[{"embeddable":true,"href":"https:\/\/spaciograficohn.com\/sitio2021\/wp-json\/wp\/v2\/comments?post=503"}],"version-history":[{"count":3,"href":"https:\/\/spaciograficohn.com\/sitio2021\/wp-json\/wp\/v2\/posts\/503\/revisions"}],"predecessor-version":[{"id":509,"href":"https:\/\/spaciograficohn.com\/sitio2021\/wp-json\/wp\/v2\/posts\/503\/revisions\/509"}],"wp:featuredmedia":[{"embeddable":true,"href":"https:\/\/spaciograficohn.com\/sitio2021\/wp-json\/wp\/v2\/media\/504"}],"wp:attachment":[{"href":"https:\/\/spaciograficohn.com\/sitio2021\/wp-json\/wp\/v2\/media?parent=503"}],"wp:term":[{"taxonomy":"category","embeddable":true,"href":"https:\/\/spaciograficohn.com\/sitio2021\/wp-json\/wp\/v2\/categories?post=503"},{"taxonomy":"post_tag","embeddable":true,"href":"https:\/\/spaciograficohn.com\/sitio2021\/wp-json\/wp\/v2\/tags?post=503"}],"curies":[{"name":"wp","href":"https:\/\/api.w.org\/{rel}","templated":true}]}}