{"id":523,"date":"2021-09-15T03:57:54","date_gmt":"2021-09-15T03:57:54","guid":{"rendered":"https:\/\/spaciograficohn.com\/sitio2021\/?p=523"},"modified":"2021-09-15T03:57:56","modified_gmt":"2021-09-15T03:57:56","slug":"capacitacion-instituto-evangelico-salem-sucot","status":"publish","type":"post","link":"https:\/\/spaciograficohn.com\/sitio2021\/2021\/09\/15\/capacitacion-instituto-evangelico-salem-sucot\/","title":{"rendered":"Capacitaci\u00f3n Instituto Evang\u00e9lico Salem Sucot"},"content":{"rendered":"\n<p>A tan solo un d\u00eda de celebrar el Bicentenario de la Independencia de nuestro pa\u00eds, el personal docente del Instituto Evang\u00e9lico Salem Sucot, ubicado en la Residencial Aleman de esta capital, recibi\u00f3 la capacitaci\u00f3n de la usabilidad de la Plataforma de Acompa\u00f1amiento de la Editorial Spacio Gr\u00e1fico.<\/p>\n\n\n\n<p>La capacitaci\u00f3n vers\u00f3 en los diferentes perfiles a utilizar en la Plataforma, al igual que la capacidad de generar sus propias actividades auto evaluables en la Plataforma de Acompa\u00f1amiento Educativo. <\/p>\n\n\n\n<figure class=\"wp-block-image size-full\"><img loading=\"lazy\" decoding=\"async\" width=\"1000\" height=\"450\" src=\"https:\/\/spaciograficohn.com\/sitio2021\/wp-content\/uploads\/2021\/09\/WhatsApp-Image-2021-09-14-at-9.17.18-PM-5.jpeg\" alt=\"\" class=\"wp-image-524\" srcset=\"https:\/\/spaciograficohn.com\/sitio2021\/wp-content\/uploads\/2021\/09\/WhatsApp-Image-2021-09-14-at-9.17.18-PM-5.jpeg 1000w, https:\/\/spaciograficohn.com\/sitio2021\/wp-content\/uploads\/2021\/09\/WhatsApp-Image-2021-09-14-at-9.17.18-PM-5-300x135.jpeg 300w, https:\/\/spaciograficohn.com\/sitio2021\/wp-content\/uploads\/2021\/09\/WhatsApp-Image-2021-09-14-at-9.17.18-PM-5-768x346.jpeg 768w\" sizes=\"auto, (max-width: 1000px) 100vw, 1000px\" \/><\/figure>\n\n\n\n<p>La Plataforma de Acompa\u00f1amiento Educativo de nuestra editorial, permite que los docentes enrolados, puedan crear sus propios contenidos, actividades y subir recursos educativos digitales para sus educandos, permitiendo optimizar los tiempos de atenci\u00f3n a ellos.<\/p>\n\n\n\n<p>Los docentes reconocieron que una de las grandes ventajas de usar la Plataforma de la Editorial, es la capacidad que tendr\u00e1n para generar actividades auto evaluables, las que permiten optimizar el tiempo y la usabilidad de los recursos digitales, de esta forma los docentes pueden evaluar autom\u00e1ticamente a sus alumnos y ellos recibir las calificaciones directamente desde la plataforma.<\/p>\n\n\n\n<p>De igual forma, el personal del Instituto Evang\u00e9lico Salem Sucot, lograron ver que todos los docentes enrolados en la plataforma, cuentan con recursos de aprendizaje en las TIC, por medio de un curso de Microsoft que les permite mejorar las competencias en tecnolog\u00eda, las cuales son necesarias en este entorno virtual.<\/p>\n\n\n\n<p>Felicidades al Instituto Evang\u00e9lico Salem Sucot, por estar siempre buscando innovaciones educativas que le permitan atender a su poblaci\u00f3n estudiantil de la mejor manera posible.<\/p>\n","protected":false},"excerpt":{"rendered":"<p>A tan solo un d\u00eda de celebrar el Bicentenario de la Independencia de nuestro pa\u00eds, el personal docente del Instituto Evang\u00e9lico Salem Sucot, ubicado en la Residencial Aleman de esta capital, recibi\u00f3 la capacitaci\u00f3n de la usabilidad de la Plataforma de Acompa\u00f1amiento de la Editorial Spacio Gr\u00e1fico. La capacitaci\u00f3n vers\u00f3 en los diferentes perfiles a&hellip;&nbsp;<a href=\"https:\/\/spaciograficohn.com\/sitio2021\/2021\/09\/15\/capacitacion-instituto-evangelico-salem-sucot\/\" class=\"\" rel=\"bookmark\">Leer m\u00e1s &raquo;<span class=\"screen-reader-text\">Capacitaci\u00f3n Instituto Evang\u00e9lico Salem Sucot<\/span><\/a><\/p>\n","protected":false},"author":1,"featured_media":525,"comment_status":"closed","ping_status":"closed","sticky":false,"template":"","format":"standard","meta":{"neve_meta_sidebar":"","neve_meta_container":"","neve_meta_enable_content_width":"off","neve_meta_content_width":0,"neve_meta_title_alignment":"","neve_meta_author_avatar":"","neve_post_elements_order":"","neve_meta_disable_header":"","neve_meta_disable_footer":"","neve_meta_disable_title":"","_themeisle_gutenberg_block_has_review":false,"footnotes":""},"categories":[3],"tags":[],"class_list":["post-523","post","type-post","status-publish","format-standard","has-post-thumbnail","hentry","category-noticias"],"post_mailing_queue_ids":[],"_links":{"self":[{"href":"https:\/\/spaciograficohn.com\/sitio2021\/wp-json\/wp\/v2\/posts\/523","targetHints":{"allow":["GET"]}}],"collection":[{"href":"https:\/\/spaciograficohn.com\/sitio2021\/wp-json\/wp\/v2\/posts"}],"about":[{"href":"https:\/\/spaciograficohn.com\/sitio2021\/wp-json\/wp\/v2\/types\/post"}],"author":[{"embeddable":true,"href":"https:\/\/spaciograficohn.com\/sitio2021\/wp-json\/wp\/v2\/users\/1"}],"replies":[{"embeddable":true,"href":"https:\/\/spaciograficohn.com\/sitio2021\/wp-json\/wp\/v2\/comments?post=523"}],"version-history":[{"count":1,"href":"https:\/\/spaciograficohn.com\/sitio2021\/wp-json\/wp\/v2\/posts\/523\/revisions"}],"predecessor-version":[{"id":526,"href":"https:\/\/spaciograficohn.com\/sitio2021\/wp-json\/wp\/v2\/posts\/523\/revisions\/526"}],"wp:featuredmedia":[{"embeddable":true,"href":"https:\/\/spaciograficohn.com\/sitio2021\/wp-json\/wp\/v2\/media\/525"}],"wp:attachment":[{"href":"https:\/\/spaciograficohn.com\/sitio2021\/wp-json\/wp\/v2\/media?parent=523"}],"wp:term":[{"taxonomy":"category","embeddable":true,"href":"https:\/\/spaciograficohn.com\/sitio2021\/wp-json\/wp\/v2\/categories?post=523"},{"taxonomy":"post_tag","embeddable":true,"href":"https:\/\/spaciograficohn.com\/sitio2021\/wp-json\/wp\/v2\/tags?post=523"}],"curies":[{"name":"wp","href":"https:\/\/api.w.org\/{rel}","templated":true}]}}