{"id":527,"date":"2021-09-15T06:02:17","date_gmt":"2021-09-15T06:02:17","guid":{"rendered":"https:\/\/spaciograficohn.com\/sitio2021\/?p=527"},"modified":"2021-09-15T06:05:44","modified_gmt":"2021-09-15T06:05:44","slug":"feliz-bicentenario-honduras","status":"publish","type":"post","link":"https:\/\/spaciograficohn.com\/sitio2021\/2021\/09\/15\/feliz-bicentenario-honduras\/","title":{"rendered":"Feliz Bicentenario, Honduras!"},"content":{"rendered":"\n<p>Este 15 de Septiembre, d\u00eda de la conmemoraci\u00f3n de los 200 a\u00f1os de la firma del acta de la Independencia por nuestros ilustres criollos y la autoridades espa\u00f1olas en la Capitan\u00eda General de Guatemala, nuestra editorial se suma a la celebraci\u00f3n, con una en\u00e9rgica exclamaci\u00f3n:<\/p>\n\n\n\n<h3 class=\"has-text-align-center wp-block-heading\">Feliz Bicentenario, Honduras!<\/h3>\n\n\n\n<figure class=\"wp-block-image size-full\"><img loading=\"lazy\" decoding=\"async\" width=\"886\" height=\"487\" src=\"https:\/\/spaciograficohn.com\/sitio2021\/wp-content\/uploads\/2021\/09\/Logo2.png\" alt=\"\" class=\"wp-image-528\" srcset=\"https:\/\/spaciograficohn.com\/sitio2021\/wp-content\/uploads\/2021\/09\/Logo2.png 886w, https:\/\/spaciograficohn.com\/sitio2021\/wp-content\/uploads\/2021\/09\/Logo2-300x165.png 300w, https:\/\/spaciograficohn.com\/sitio2021\/wp-content\/uploads\/2021\/09\/Logo2-768x422.png 768w\" sizes=\"auto, (max-width: 886px) 100vw, 886px\" \/><\/figure>\n\n\n\n<figure class=\"wp-block-pullquote\"><blockquote><p>\u00a1Oh linda patria m\u00eda,<\/p><p>henchido de emoci\u00f3n<\/p><p>por ti, palpita, tr\u00e9mulo,<\/p><p>mi noble coraz\u00f3n!<\/p><p>Por ti, cuando en los aires<\/p><p>flamea el pabell\u00f3n<\/p><p>y escucho, emocionado,<\/p><p>de tu himno el grato son.<\/p><p>Por ti, oh linda patria,<\/p><p>que eres luz y canci\u00f3n,<\/p><p>palpita, dulcemente,<\/p><p>mi tierno coraz\u00f3n.<\/p><cite>Por Hersilia Ramos de Argote<\/cite><\/blockquote><\/figure>\n","protected":false},"excerpt":{"rendered":"<p>Este 15 de Septiembre, d\u00eda de la conmemoraci\u00f3n de los 200 a\u00f1os de la firma del acta de la Independencia por nuestros ilustres criollos y la autoridades espa\u00f1olas en la Capitan\u00eda General de Guatemala, nuestra editorial se suma a la celebraci\u00f3n, con una en\u00e9rgica exclamaci\u00f3n: Feliz Bicentenario, Honduras! \u00a1Oh linda patria m\u00eda, henchido de emoci\u00f3n&hellip;&nbsp;<a href=\"https:\/\/spaciograficohn.com\/sitio2021\/2021\/09\/15\/feliz-bicentenario-honduras\/\" class=\"\" rel=\"bookmark\">Leer m\u00e1s &raquo;<span class=\"screen-reader-text\">Feliz Bicentenario, Honduras!<\/span><\/a><\/p>\n","protected":false},"author":1,"featured_media":530,"comment_status":"closed","ping_status":"closed","sticky":false,"template":"","format":"standard","meta":{"neve_meta_sidebar":"","neve_meta_container":"","neve_meta_enable_content_width":"off","neve_meta_content_width":0,"neve_meta_title_alignment":"","neve_meta_author_avatar":"","neve_post_elements_order":"[\"title\",\"meta\",\"thumbnail\",\"content\",\"tags\"]","neve_meta_disable_header":"","neve_meta_disable_footer":"","neve_meta_disable_title":"","_themeisle_gutenberg_block_has_review":false,"footnotes":""},"categories":[3],"tags":[],"class_list":["post-527","post","type-post","status-publish","format-standard","has-post-thumbnail","hentry","category-noticias"],"post_mailing_queue_ids":[],"_links":{"self":[{"href":"https:\/\/spaciograficohn.com\/sitio2021\/wp-json\/wp\/v2\/posts\/527","targetHints":{"allow":["GET"]}}],"collection":[{"href":"https:\/\/spaciograficohn.com\/sitio2021\/wp-json\/wp\/v2\/posts"}],"about":[{"href":"https:\/\/spaciograficohn.com\/sitio2021\/wp-json\/wp\/v2\/types\/post"}],"author":[{"embeddable":true,"href":"https:\/\/spaciograficohn.com\/sitio2021\/wp-json\/wp\/v2\/users\/1"}],"replies":[{"embeddable":true,"href":"https:\/\/spaciograficohn.com\/sitio2021\/wp-json\/wp\/v2\/comments?post=527"}],"version-history":[{"count":1,"href":"https:\/\/spaciograficohn.com\/sitio2021\/wp-json\/wp\/v2\/posts\/527\/revisions"}],"predecessor-version":[{"id":529,"href":"https:\/\/spaciograficohn.com\/sitio2021\/wp-json\/wp\/v2\/posts\/527\/revisions\/529"}],"wp:featuredmedia":[{"embeddable":true,"href":"https:\/\/spaciograficohn.com\/sitio2021\/wp-json\/wp\/v2\/media\/530"}],"wp:attachment":[{"href":"https:\/\/spaciograficohn.com\/sitio2021\/wp-json\/wp\/v2\/media?parent=527"}],"wp:term":[{"taxonomy":"category","embeddable":true,"href":"https:\/\/spaciograficohn.com\/sitio2021\/wp-json\/wp\/v2\/categories?post=527"},{"taxonomy":"post_tag","embeddable":true,"href":"https:\/\/spaciograficohn.com\/sitio2021\/wp-json\/wp\/v2\/tags?post=527"}],"curies":[{"name":"wp","href":"https:\/\/api.w.org\/{rel}","templated":true}]}}