{"id":531,"date":"2021-09-17T19:43:49","date_gmt":"2021-09-17T19:43:49","guid":{"rendered":"https:\/\/spaciograficohn.com\/sitio2021\/?p=531"},"modified":"2021-09-17T19:51:14","modified_gmt":"2021-09-17T19:51:14","slug":"felicidades-docente-hondureno","status":"publish","type":"post","link":"https:\/\/spaciograficohn.com\/sitio2021\/2021\/09\/17\/felicidades-docente-hondureno\/","title":{"rendered":"Felicidades Docente Hondure\u00f1o!"},"content":{"rendered":"\n<p>Este 17 de Septiembre, celebramos en nuestra amada patria el D\u00eda del Docente Hondure\u00f1o.<\/p>\n\n\n\n<p>En 1923 se acord\u00f3 establecer el 17 de septiembre de cada a\u00f1o como celebraci\u00f3n popular y general en toda la rep\u00fablica de Honduras, conmemorando el D\u00eda del Maestro, \u201cconsagrado exclusivamente para enaltecer las labores de los ap\u00f3stoles de la ense\u00f1anza\u201d.<\/p>\n\n\n\n<p>Este a\u00f1o en particular, no hay reuniones con los compa\u00f1eros, no hay abrazos de parte de los ni\u00f1os que con cari\u00f1o aprecian a sus educadores, este a\u00f1o vuelve a ser at\u00edpico por la realidad que el mundo est\u00e1 atravesando. <\/p>\n\n\n\n<p>Pero siempre hay algo que permanece, y esto es la dedicaci\u00f3n, esfuerzo y esmero que todos los docentes de nuestro pa\u00eds hacen d\u00eda a d\u00eda por formar la nueva generaci\u00f3n de hondure\u00f1os, formando educandos que no solo adquieren conocimientos, sino que ser\u00e1n capaces de mejorar nuestra naci\u00f3n.<\/p>\n\n\n\n<p>Desde nuestra Editorial, te citamos el himno al maestro:<\/p>\n\n\n\n<p class=\"has-text-align-center\">Gloria a ti, ignorado mentor,<br>que prodigas tu esfuerzo y tu luz<br>y que llevas a cuestas la cruz<br>caminando resuelto al Tabor&#8230;<\/p>\n\n\n\n<p class=\"has-text-align-center\">No vaciles la marcha en seguir,<br>no abandones la obra, cruzado:<br>\u00a1Adelante!, te grita el pasado,<br>Adelante!, grita el porvenir&#8230;<\/p>\n\n\n\n<div class=\"wp-block-image\"><figure class=\"aligncenter size-full\"><img loading=\"lazy\" decoding=\"async\" width=\"661\" height=\"915\" src=\"https:\/\/spaciograficohn.com\/sitio2021\/wp-content\/uploads\/2021\/09\/FelizDiaDocentes.jpeg\" alt=\"\" class=\"wp-image-532\" srcset=\"https:\/\/spaciograficohn.com\/sitio2021\/wp-content\/uploads\/2021\/09\/FelizDiaDocentes.jpeg 661w, https:\/\/spaciograficohn.com\/sitio2021\/wp-content\/uploads\/2021\/09\/FelizDiaDocentes-217x300.jpeg 217w\" sizes=\"auto, (max-width: 661px) 100vw, 661px\" \/><\/figure><\/div>\n","protected":false},"excerpt":{"rendered":"<p>Este 17 de Septiembre, celebramos en nuestra amada patria el D\u00eda del Docente Hondure\u00f1o. En 1923 se acord\u00f3 establecer el 17 de septiembre de cada a\u00f1o como celebraci\u00f3n popular y general en toda la rep\u00fablica de Honduras, conmemorando el D\u00eda del Maestro, \u201cconsagrado exclusivamente para enaltecer las labores de los ap\u00f3stoles de la ense\u00f1anza\u201d. Este&hellip;&nbsp;<a href=\"https:\/\/spaciograficohn.com\/sitio2021\/2021\/09\/17\/felicidades-docente-hondureno\/\" class=\"\" rel=\"bookmark\">Leer m\u00e1s &raquo;<span class=\"screen-reader-text\">Felicidades Docente Hondure\u00f1o!<\/span><\/a><\/p>\n","protected":false},"author":1,"featured_media":534,"comment_status":"closed","ping_status":"closed","sticky":false,"template":"","format":"standard","meta":{"neve_meta_sidebar":"","neve_meta_container":"","neve_meta_enable_content_width":"off","neve_meta_content_width":0,"neve_meta_title_alignment":"","neve_meta_author_avatar":"","neve_post_elements_order":"[\"title\",\"meta\",\"thumbnail\",\"content\",\"tags\"]","neve_meta_disable_header":"","neve_meta_disable_footer":"","neve_meta_disable_title":"","_themeisle_gutenberg_block_has_review":false,"footnotes":""},"categories":[3],"tags":[],"class_list":["post-531","post","type-post","status-publish","format-standard","has-post-thumbnail","hentry","category-noticias"],"post_mailing_queue_ids":[],"_links":{"self":[{"href":"https:\/\/spaciograficohn.com\/sitio2021\/wp-json\/wp\/v2\/posts\/531","targetHints":{"allow":["GET"]}}],"collection":[{"href":"https:\/\/spaciograficohn.com\/sitio2021\/wp-json\/wp\/v2\/posts"}],"about":[{"href":"https:\/\/spaciograficohn.com\/sitio2021\/wp-json\/wp\/v2\/types\/post"}],"author":[{"embeddable":true,"href":"https:\/\/spaciograficohn.com\/sitio2021\/wp-json\/wp\/v2\/users\/1"}],"replies":[{"embeddable":true,"href":"https:\/\/spaciograficohn.com\/sitio2021\/wp-json\/wp\/v2\/comments?post=531"}],"version-history":[{"count":2,"href":"https:\/\/spaciograficohn.com\/sitio2021\/wp-json\/wp\/v2\/posts\/531\/revisions"}],"predecessor-version":[{"id":536,"href":"https:\/\/spaciograficohn.com\/sitio2021\/wp-json\/wp\/v2\/posts\/531\/revisions\/536"}],"wp:featuredmedia":[{"embeddable":true,"href":"https:\/\/spaciograficohn.com\/sitio2021\/wp-json\/wp\/v2\/media\/534"}],"wp:attachment":[{"href":"https:\/\/spaciograficohn.com\/sitio2021\/wp-json\/wp\/v2\/media?parent=531"}],"wp:term":[{"taxonomy":"category","embeddable":true,"href":"https:\/\/spaciograficohn.com\/sitio2021\/wp-json\/wp\/v2\/categories?post=531"},{"taxonomy":"post_tag","embeddable":true,"href":"https:\/\/spaciograficohn.com\/sitio2021\/wp-json\/wp\/v2\/tags?post=531"}],"curies":[{"name":"wp","href":"https:\/\/api.w.org\/{rel}","templated":true}]}}